{"id":7561,"date":"2026-04-30T16:28:59","date_gmt":"2026-04-30T16:28:59","guid":{"rendered":"https:\/\/www.artefita.pt\/?p=7561"},"modified":"2026-04-30T16:40:34","modified_gmt":"2026-04-30T16:40:34","slug":"artefita-techtextil-2026","status":"publish","type":"post","link":"https:\/\/www.artefita.pt\/fr\/artefita-techtextil-2026\/","title":{"rendered":"ARTEFITA &#8211; Techtextil Frankfurt 2026"},"content":{"rendered":"\n<h2 class=\"wp-block-heading has-medium-font-size\">ARTEFITA renforce sa pr\u00e9sence internationale \u00e0 Techtextil et pr\u00e9sente une nouvelle sangle compostable encore en phase de d\u00e9veloppement<\/h2>\n\n\n\n<p><\/p>\n\n\n\n<p><strong>ARTEFITA<\/strong> a particip\u00e9 une nouvelle fois au salon <strong>Techtextil<\/strong> \u00e0 Frankfurt, consolidant une pr\u00e9sence continue depuis 2005 sur l\u2019une des principales plateformes internationales du secteur des textiles techniques.<\/p>\n\n\n\n<p>Tout au long des quatre jours de l\u2019\u00e9v\u00e9nement, l\u2019entreprise a pr\u00e9sent\u00e9 son portefeuille de solutions en sangles et rubans techniques, renfor\u00e7ant ainsi son positionnement bas\u00e9 sur l\u2019innovation, la durabilit\u00e9 et l\u2019optimisation croissante des processus de production. Le salon a \u00e9galement constitu\u00e9 un point de rencontre strat\u00e9gique avec des clients existants et des partenaires potentiels, permettant de renforcer les relations commerciales et d\u2019identifier de nouvelles opportunit\u00e9s de d\u00e9veloppement.<\/p>\n\n\n\n<p>L\u2019un des principaux temps forts de cette \u00e9dition a \u00e9t\u00e9 la pr\u00e9sentation, en avant-premi\u00e8re, d\u2019une nouvelle sangle compostable actuellement en phase de d\u00e9veloppement. Cette solution innovante est produite \u00e0 partir d\u2019un biopolym\u00e8re d\u00e9riv\u00e9 de la canne \u00e0 sucre et de polyester biosourc\u00e9, repr\u00e9sentant une avanc\u00e9e significative dans l\u2019engagement de l\u2019entreprise en faveur de mat\u00e9riaux plus durables.<\/p>\n\n\n<div class=\"wp-block-image\">\n<figure class=\"aligncenter size-full is-resized\"><img decoding=\"async\" loading=\"lazy\" width=\"2048\" height=\"1536\" src=\"https:\/\/www.artefita.pt\/wp-content\/uploads\/2026\/04\/WhatsApp-Image-2026-04-27-at-11.00.10-4.jpeg\" alt=\"whatsapp Image 2026 04 27 At 11.00.10 4\" class=\"wp-image-7562\" style=\"aspect-ratio:1.3333333333333333;width:343px;height:auto\" srcset=\"https:\/\/www.artefita.pt\/wp-content\/uploads\/2026\/04\/WhatsApp-Image-2026-04-27-at-11.00.10-4.jpeg 2048w, https:\/\/www.artefita.pt\/wp-content\/uploads\/2026\/04\/WhatsApp-Image-2026-04-27-at-11.00.10-4-300x225.jpeg 300w, https:\/\/www.artefita.pt\/wp-content\/uploads\/2026\/04\/WhatsApp-Image-2026-04-27-at-11.00.10-4-1024x768.jpeg 1024w, https:\/\/www.artefita.pt\/wp-content\/uploads\/2026\/04\/WhatsApp-Image-2026-04-27-at-11.00.10-4-768x576.jpeg 768w, https:\/\/www.artefita.pt\/wp-content\/uploads\/2026\/04\/WhatsApp-Image-2026-04-27-at-11.00.10-4-1536x1152.jpeg 1536w\" sizes=\"(max-width: 2048px) 100vw, 2048px\" \/><\/figure><\/div>\n\n\n<p>En plus de cette innovation,<strong> ARTEFITA<\/strong> a \u00e9galement pr\u00e9sent\u00e9 des exemples de son savoir-faire accumul\u00e9 au cours de trois d\u00e9cennies d\u2019activit\u00e9, avec un accent particulier sur sa capacit\u00e9 \u00e0 produire des sangles enti\u00e8rement personnalis\u00e9es. Les techniques de personnalisation disponibles incluent la sublimation, la s\u00e9rigraphie, le transfert et le jacquard, permettant de r\u00e9pondre aux exigences sp\u00e9cifiques de diff\u00e9rents secteurs industriels.<\/p>\n\n\n\n<p>Le stand de l\u2019entreprise a \u00e9galement mis en avant des solutions \u00e0 plus forte valeur ajout\u00e9e, notamment des sangles avec accessoires int\u00e9gr\u00e9s tels que des boucles et des crochets, avec des applications dans la logistique, le nautisme, les produits pour animaux de compagnie, les chariots de blanchisserie, l\u2019outdoor, la s\u00e9curit\u00e9 et les a\u00e9roports.<\/p>\n\n\n<div class=\"wp-block-image\">\n<figure class=\"aligncenter size-large is-resized\"><img decoding=\"async\" loading=\"lazy\" width=\"1024\" height=\"576\" src=\"https:\/\/www.artefita.pt\/wp-content\/uploads\/2026\/04\/WhatsApp-Image-2026-04-21-at-10.22.21-1024x576.jpeg\" alt=\"whatsapp Image 2026 04 21 At 10.22.21\" class=\"wp-image-7563\" style=\"aspect-ratio:1.7777777777777777;width:613px;height:auto\" srcset=\"https:\/\/www.artefita.pt\/wp-content\/uploads\/2026\/04\/WhatsApp-Image-2026-04-21-at-10.22.21-1024x576.jpeg 1024w, https:\/\/www.artefita.pt\/wp-content\/uploads\/2026\/04\/WhatsApp-Image-2026-04-21-at-10.22.21-300x169.jpeg 300w, https:\/\/www.artefita.pt\/wp-content\/uploads\/2026\/04\/WhatsApp-Image-2026-04-21-at-10.22.21-768x432.jpeg 768w, https:\/\/www.artefita.pt\/wp-content\/uploads\/2026\/04\/WhatsApp-Image-2026-04-21-at-10.22.21-1536x864.jpeg 1536w, https:\/\/www.artefita.pt\/wp-content\/uploads\/2026\/04\/WhatsApp-Image-2026-04-21-at-10.22.21.jpeg 2048w\" sizes=\"(max-width: 1024px) 100vw, 1024px\" \/><\/figure><\/div>\n\n<div class=\"wp-block-image\">\n<figure class=\"aligncenter size-large is-resized\"><img decoding=\"async\" loading=\"lazy\" width=\"1024\" height=\"768\" src=\"https:\/\/www.artefita.pt\/wp-content\/uploads\/2026\/04\/WhatsApp-Image-2026-04-27-at-11.01.21-1024x768.jpeg\" alt=\"whatsapp Image 2026 04 27 At 11.01.21\" class=\"wp-image-7564\" style=\"aspect-ratio:1.3333333333333333;width:486px;height:auto\" srcset=\"https:\/\/www.artefita.pt\/wp-content\/uploads\/2026\/04\/WhatsApp-Image-2026-04-27-at-11.01.21-1024x768.jpeg 1024w, https:\/\/www.artefita.pt\/wp-content\/uploads\/2026\/04\/WhatsApp-Image-2026-04-27-at-11.01.21-300x225.jpeg 300w, https:\/\/www.artefita.pt\/wp-content\/uploads\/2026\/04\/WhatsApp-Image-2026-04-27-at-11.01.21-768x576.jpeg 768w, https:\/\/www.artefita.pt\/wp-content\/uploads\/2026\/04\/WhatsApp-Image-2026-04-27-at-11.01.21-1536x1152.jpeg 1536w, https:\/\/www.artefita.pt\/wp-content\/uploads\/2026\/04\/WhatsApp-Image-2026-04-27-at-11.01.21.jpeg 2048w\" sizes=\"(max-width: 1024px) 100vw, 1024px\" \/><\/figure><\/div>\n\n\n<p>La participation \u00e0 <strong>Techtextil<\/strong> est une nouvelle fois consid\u00e9r\u00e9e comme un moment cl\u00e9 pour affirmer la strat\u00e9gie de l\u2019entreprise et renforcer sa pr\u00e9sence sur le march\u00e9 mondial des textiles techniques.<\/p>\n","protected":false},"excerpt":{"rendered":"<p>ARTEFITA renforce sa pr\u00e9sence internationale \u00e0 Techtextil et pr\u00e9sente une nouvelle sangle compostable encore en phase de d\u00e9veloppement ARTEFITA a particip\u00e9 une nouvelle fois au salon Techtextil \u00e0 Frankfurt, consolidant une pr\u00e9sence continue depuis 2005 sur l\u2019une des principales plateformes&#8230;<\/p>\n","protected":false},"author":1,"featured_media":7563,"comment_status":"open","ping_status":"open","sticky":true,"template":"","format":"standard","meta":{"_kad_post_transparent":"","_kad_post_title":"","_kad_post_layout":"","_kad_post_sidebar_id":"","_kad_post_content_style":"","_kad_post_vertical_padding":"","_kad_post_feature":"","_kad_post_feature_position":"","_kad_post_header":false,"_kad_post_footer":false,"slim_seo":[],"footnotes":""},"categories":[1],"tags":[285,135,284,125,286,283,124,21],"aioseo_notices":[],"_links":{"self":[{"href":"https:\/\/www.artefita.pt\/fr\/wp-json\/wp\/v2\/posts\/7561"}],"collection":[{"href":"https:\/\/www.artefita.pt\/fr\/wp-json\/wp\/v2\/posts"}],"about":[{"href":"https:\/\/www.artefita.pt\/fr\/wp-json\/wp\/v2\/types\/post"}],"author":[{"embeddable":true,"href":"https:\/\/www.artefita.pt\/fr\/wp-json\/wp\/v2\/users\/1"}],"replies":[{"embeddable":true,"href":"https:\/\/www.artefita.pt\/fr\/wp-json\/wp\/v2\/comments?post=7561"}],"version-history":[{"count":10,"href":"https:\/\/www.artefita.pt\/fr\/wp-json\/wp\/v2\/posts\/7561\/revisions"}],"predecessor-version":[{"id":7577,"href":"https:\/\/www.artefita.pt\/fr\/wp-json\/wp\/v2\/posts\/7561\/revisions\/7577"}],"wp:featuredmedia":[{"embeddable":true,"href":"https:\/\/www.artefita.pt\/fr\/wp-json\/wp\/v2\/media\/7563"}],"wp:attachment":[{"href":"https:\/\/www.artefita.pt\/fr\/wp-json\/wp\/v2\/media?parent=7561"}],"wp:term":[{"taxonomy":"category","embeddable":true,"href":"https:\/\/www.artefita.pt\/fr\/wp-json\/wp\/v2\/categories?post=7561"},{"taxonomy":"post_tag","embeddable":true,"href":"https:\/\/www.artefita.pt\/fr\/wp-json\/wp\/v2\/tags?post=7561"}],"curies":[{"name":"wp","href":"https:\/\/api.w.org\/{rel}","templated":true}]}}