{"id":6452,"date":"2025-03-28T14:45:00","date_gmt":"2025-03-28T14:45:00","guid":{"rendered":"https:\/\/www.artefita.pt\/?p=6452"},"modified":"2025-05-30T15:48:34","modified_gmt":"2025-05-30T15:48:34","slug":"artefita-in-touch","status":"publish","type":"post","link":"https:\/\/www.artefita.pt\/fr\/artefita-in-touch\/","title":{"rendered":"ARTEFITA na 10\u00aa Edi\u00e7\u00e3o do In Touch"},"content":{"rendered":"\n<p>ARTEFITA a eu le privil\u00e8ge d&rsquo;assister \u00e0 la 10e \u00e9dition de \ud835\ude44\ud835\ude63 \ud835\ude4f\ud835\ude64\ud835\ude6a\ud835\ude58\ud835\ude5d, un \u00e9v\u00e9nement organis\u00e9 par <strong>AEGIA &#8211; Association d&rsquo;ing\u00e9nierie et de gestion industrielle d&rsquo;Aveiro<\/strong>, \u00e0 <strong>l&rsquo;Universit\u00e9 d&rsquo;Aveiro<\/strong>, qui vise \u00e0 mettre en contact direct les \u00e9tudiants et les entreprises.<\/p>\n\n\n\n<p>Ce fut une exp\u00e9rience tr\u00e8s enrichissante, non seulement parce qu&rsquo;elle nous a permis de partager notre activit\u00e9 et notre vision avec les talents de demain, mais aussi parce qu&rsquo;elle nous a donn\u00e9 l&rsquo;occasion de conna\u00eetre leurs ambitions et leurs attentes sur le march\u00e9 du travail. L&rsquo;interaction directe avec les \u00e9tudiants nous a montr\u00e9 qu&rsquo;il y a un grand d\u00e9sir d&rsquo;innover et de se d\u00e9velopper.<\/p>\n\n\n\n<p>Les portes d&rsquo;ARTEFITA sont ouvertes pour accueillir de nouveaux talents, car nous sommes convaincus que l&rsquo;avenir se construit avec des personnes motiv\u00e9es et pleines d&rsquo;id\u00e9es.<\/p>\n\n\n\n<p>Merci \u00e0 tous ceux qui se sont arr\u00eat\u00e9s \u00e0 notre stand au salon de l&rsquo;entreprise et qui ont particip\u00e9 aux sessions de pitch ! A bient\u00f4t ! \ud83d\udc4f<\/p>\n\n\n\n<figure class=\"wp-block-gallery has-nested-images columns-default is-cropped wp-block-gallery-1 is-layout-flex wp-block-gallery-is-layout-flex\">\n<figure class=\"wp-block-image size-large\"><img decoding=\"async\" loading=\"lazy\" width=\"1024\" height=\"768\" data-id=\"6453\" src=\"https:\/\/www.artefita.pt\/wp-content\/uploads\/2025\/03\/WhatsApp-Image-2025-03-20-at-11.17.03-1-1024x768.jpeg\" alt=\"whatsapp Image 2025 03 20 At 11.17.03 (1)\" class=\"wp-image-6453\" srcset=\"https:\/\/www.artefita.pt\/wp-content\/uploads\/2025\/03\/WhatsApp-Image-2025-03-20-at-11.17.03-1-1024x768.jpeg 1024w, https:\/\/www.artefita.pt\/wp-content\/uploads\/2025\/03\/WhatsApp-Image-2025-03-20-at-11.17.03-1-300x225.jpeg 300w, https:\/\/www.artefita.pt\/wp-content\/uploads\/2025\/03\/WhatsApp-Image-2025-03-20-at-11.17.03-1-768x576.jpeg 768w, https:\/\/www.artefita.pt\/wp-content\/uploads\/2025\/03\/WhatsApp-Image-2025-03-20-at-11.17.03-1-1536x1152.jpeg 1536w, https:\/\/www.artefita.pt\/wp-content\/uploads\/2025\/03\/WhatsApp-Image-2025-03-20-at-11.17.03-1.jpeg 2048w\" sizes=\"(max-width: 1024px) 100vw, 1024px\" \/><figcaption class=\"wp-element-caption\">1. ARTEFITA Staff<\/figcaption><\/figure>\n\n\n\n<figure class=\"wp-block-image size-large\"><img decoding=\"async\" loading=\"lazy\" width=\"768\" height=\"1024\" data-id=\"6454\" src=\"https:\/\/www.artefita.pt\/wp-content\/uploads\/2025\/03\/WhatsApp-Image-2025-03-20-at-11.17.00-2-768x1024.jpeg\" alt=\"whatsapp Image 2025 03 20 At 11.17.00 (2)\" class=\"wp-image-6454\" srcset=\"https:\/\/www.artefita.pt\/wp-content\/uploads\/2025\/03\/WhatsApp-Image-2025-03-20-at-11.17.00-2-768x1024.jpeg 768w, https:\/\/www.artefita.pt\/wp-content\/uploads\/2025\/03\/WhatsApp-Image-2025-03-20-at-11.17.00-2-225x300.jpeg 225w, https:\/\/www.artefita.pt\/wp-content\/uploads\/2025\/03\/WhatsApp-Image-2025-03-20-at-11.17.00-2-1152x1536.jpeg 1152w, https:\/\/www.artefita.pt\/wp-content\/uploads\/2025\/03\/WhatsApp-Image-2025-03-20-at-11.17.00-2.jpeg 1536w\" sizes=\"(max-width: 768px) 100vw, 768px\" \/><figcaption class=\"wp-element-caption\">2. Sessions de Pitch<\/figcaption><\/figure>\n<\/figure>\n","protected":false},"excerpt":{"rendered":"<p>ARTEFITA a eu le privil\u00e8ge d&rsquo;assister \u00e0 la 10e \u00e9dition de \ud835\ude44\ud835\ude63 \ud835\ude4f\ud835\ude64\ud835\ude6a\ud835\ude58\ud835\ude5d, un \u00e9v\u00e9nement organis\u00e9 par AEGIA &#8211; Association d&rsquo;ing\u00e9nierie et de gestion industrielle d&rsquo;Aveiro, \u00e0 l&rsquo;Universit\u00e9 d&rsquo;Aveiro, qui vise \u00e0 mettre en contact direct les \u00e9tudiants et les&#8230;<\/p>\n","protected":false},"author":1,"featured_media":6454,"comment_status":"closed","ping_status":"closed","sticky":true,"template":"","format":"standard","meta":{"_kad_post_transparent":"","_kad_post_title":"","_kad_post_layout":"","_kad_post_sidebar_id":"","_kad_post_content_style":"","_kad_post_vertical_padding":"","_kad_post_feature":"","_kad_post_feature_position":"","_kad_post_header":false,"_kad_post_footer":false,"slim_seo":{"title":"ARTEFITA @ In Touch","description":"A ARTEFITA teve o privil\u00e9gio de marcar presen\u00e7a na 10\u00aa edi\u00e7\u00e3o do \ud835\ude44\ud835\ude63 \ud835\ude4f\ud835\ude64\ud835\ude6a\ud835\ude58\ud835\ude5d"},"footnotes":""},"categories":[1],"tags":[160,163,135,162,21],"aioseo_notices":[],"_links":{"self":[{"href":"https:\/\/www.artefita.pt\/fr\/wp-json\/wp\/v2\/posts\/6452"}],"collection":[{"href":"https:\/\/www.artefita.pt\/fr\/wp-json\/wp\/v2\/posts"}],"about":[{"href":"https:\/\/www.artefita.pt\/fr\/wp-json\/wp\/v2\/types\/post"}],"author":[{"embeddable":true,"href":"https:\/\/www.artefita.pt\/fr\/wp-json\/wp\/v2\/users\/1"}],"replies":[{"embeddable":true,"href":"https:\/\/www.artefita.pt\/fr\/wp-json\/wp\/v2\/comments?post=6452"}],"version-history":[{"count":5,"href":"https:\/\/www.artefita.pt\/fr\/wp-json\/wp\/v2\/posts\/6452\/revisions"}],"predecessor-version":[{"id":6462,"href":"https:\/\/www.artefita.pt\/fr\/wp-json\/wp\/v2\/posts\/6452\/revisions\/6462"}],"wp:featuredmedia":[{"embeddable":true,"href":"https:\/\/www.artefita.pt\/fr\/wp-json\/wp\/v2\/media\/6454"}],"wp:attachment":[{"href":"https:\/\/www.artefita.pt\/fr\/wp-json\/wp\/v2\/media?parent=6452"}],"wp:term":[{"taxonomy":"category","embeddable":true,"href":"https:\/\/www.artefita.pt\/fr\/wp-json\/wp\/v2\/categories?post=6452"},{"taxonomy":"post_tag","embeddable":true,"href":"https:\/\/www.artefita.pt\/fr\/wp-json\/wp\/v2\/tags?post=6452"}],"curies":[{"name":"wp","href":"https:\/\/api.w.org\/{rel}","templated":true}]}}