{"id":7561,"date":"2026-04-30T16:28:59","date_gmt":"2026-04-30T16:28:59","guid":{"rendered":"https:\/\/www.artefita.pt\/?p=7561"},"modified":"2026-04-30T16:40:34","modified_gmt":"2026-04-30T16:40:34","slug":"artefita-techtextil-2026","status":"publish","type":"post","link":"https:\/\/www.artefita.pt\/de\/artefita-techtextil-2026\/","title":{"rendered":"ARTEFITA &#8211; Techtextil Frankfurt 2026"},"content":{"rendered":"\n<h2 class=\"wp-block-heading has-medium-font-size\">ARTEFITA st\u00e4rkt internationale Pr\u00e4senz auf der Techtextil und pr\u00e4sentiert neues kompostierbares Gurtband in Entwicklung<\/h2>\n\n\n\n<p><\/p>\n\n\n\n<p><strong>ARTEFITA<\/strong> nahm erneut an der <strong>Techtextil<\/strong> in Frankfurt teil und festigt damit ihre kontinuierliche Pr\u00e4senz seit 2005 auf einer der wichtigsten internationalen Plattformen der technischen Textilindustrie.<\/p>\n\n\n\n<p>W\u00e4hrend der vier Messetage pr\u00e4sentierte das Unternehmen sein Portfolio an technischen Gurt- und Bandl\u00f6sungen und st\u00e4rkte damit seine Positionierung, die auf Innovation, Nachhaltigkeit und zunehmend effizienteren Produktionsprozessen basiert. Die Messe diente zudem als strategischer Treffpunkt mit bestehenden Kunden und potenziellen Gesch\u00e4ftspartnern und erm\u00f6glichte die Vertiefung von Gesch\u00e4ftsbeziehungen sowie die Identifizierung neuer Entwicklungsm\u00f6glichkeiten.<\/p>\n\n\n\n<p>Ein zentrales Highlight dieser Ausgabe war die erstmalige Pr\u00e4sentation eines neuen kompostierbaren Gurtbandes, das sich derzeit noch in der Entwicklungsphase befindet. Diese innovative L\u00f6sung wird aus einem Biopolymer auf Basis von Zuckerrohr sowie biobasiertem Polyester hergestellt und stellt einen bedeutenden Schritt im Engagement des Unternehmens f\u00fcr nachhaltigere Materialien dar.<\/p>\n\n\n<div class=\"wp-block-image\">\n<figure class=\"aligncenter size-full is-resized\"><img decoding=\"async\" loading=\"lazy\" width=\"2048\" height=\"1536\" src=\"https:\/\/www.artefita.pt\/wp-content\/uploads\/2026\/04\/WhatsApp-Image-2026-04-27-at-11.00.10-4.jpeg\" alt=\"whatsapp Image 2026 04 27 At 11.00.10 4\" class=\"wp-image-7562\" style=\"aspect-ratio:1.3333333333333333;width:343px;height:auto\" srcset=\"https:\/\/www.artefita.pt\/wp-content\/uploads\/2026\/04\/WhatsApp-Image-2026-04-27-at-11.00.10-4.jpeg 2048w, https:\/\/www.artefita.pt\/wp-content\/uploads\/2026\/04\/WhatsApp-Image-2026-04-27-at-11.00.10-4-300x225.jpeg 300w, https:\/\/www.artefita.pt\/wp-content\/uploads\/2026\/04\/WhatsApp-Image-2026-04-27-at-11.00.10-4-1024x768.jpeg 1024w, https:\/\/www.artefita.pt\/wp-content\/uploads\/2026\/04\/WhatsApp-Image-2026-04-27-at-11.00.10-4-768x576.jpeg 768w, https:\/\/www.artefita.pt\/wp-content\/uploads\/2026\/04\/WhatsApp-Image-2026-04-27-at-11.00.10-4-1536x1152.jpeg 1536w\" sizes=\"(max-width: 2048px) 100vw, 2048px\" \/><\/figure><\/div>\n\n\n<p>Neben dieser Innovation pr\u00e4sentierte <strong>ARTEFITA<\/strong> auch Beispiele ihres \u00fcber drei Jahrzehnte aufgebauten Know-hows, mit besonderem Fokus auf die F\u00e4higkeit, vollst\u00e4ndig kundenspezifische Gurtb\u00e4nder herzustellen. Zu den verf\u00fcgbaren Veredelungstechniken z\u00e4hlen Sublimation, Siebdruck, Transferdruck und Jacquard, wodurch spezifische Anforderungen unterschiedlichster Industriezweige erf\u00fcllt werden k\u00f6nnen.<\/p>\n\n\n\n<p>Der Messestand des Unternehmens zeigte zudem h\u00f6herwertige L\u00f6sungen, darunter Gurtb\u00e4nder mit integrierten Zubeh\u00f6rteilen wie Schnallen und Haken, mit Anwendungen in den Bereichen Logistik, Nautik, Haustierprodukte, W\u00e4schewagen, Outdoor, Sicherheit und Flugh\u00e4fen.<\/p>\n\n\n<div class=\"wp-block-image\">\n<figure class=\"aligncenter size-large is-resized\"><img decoding=\"async\" loading=\"lazy\" width=\"1024\" height=\"576\" src=\"https:\/\/www.artefita.pt\/wp-content\/uploads\/2026\/04\/WhatsApp-Image-2026-04-21-at-10.22.21-1024x576.jpeg\" alt=\"whatsapp Image 2026 04 21 At 10.22.21\" class=\"wp-image-7563\" style=\"aspect-ratio:1.7777777777777777;width:613px;height:auto\" srcset=\"https:\/\/www.artefita.pt\/wp-content\/uploads\/2026\/04\/WhatsApp-Image-2026-04-21-at-10.22.21-1024x576.jpeg 1024w, https:\/\/www.artefita.pt\/wp-content\/uploads\/2026\/04\/WhatsApp-Image-2026-04-21-at-10.22.21-300x169.jpeg 300w, https:\/\/www.artefita.pt\/wp-content\/uploads\/2026\/04\/WhatsApp-Image-2026-04-21-at-10.22.21-768x432.jpeg 768w, https:\/\/www.artefita.pt\/wp-content\/uploads\/2026\/04\/WhatsApp-Image-2026-04-21-at-10.22.21-1536x864.jpeg 1536w, https:\/\/www.artefita.pt\/wp-content\/uploads\/2026\/04\/WhatsApp-Image-2026-04-21-at-10.22.21.jpeg 2048w\" sizes=\"(max-width: 1024px) 100vw, 1024px\" \/><\/figure><\/div>\n\n<div class=\"wp-block-image\">\n<figure class=\"aligncenter size-large is-resized\"><img decoding=\"async\" loading=\"lazy\" width=\"1024\" height=\"768\" src=\"https:\/\/www.artefita.pt\/wp-content\/uploads\/2026\/04\/WhatsApp-Image-2026-04-27-at-11.01.21-1024x768.jpeg\" alt=\"whatsapp Image 2026 04 27 At 11.01.21\" class=\"wp-image-7564\" style=\"aspect-ratio:1.3333333333333333;width:486px;height:auto\" srcset=\"https:\/\/www.artefita.pt\/wp-content\/uploads\/2026\/04\/WhatsApp-Image-2026-04-27-at-11.01.21-1024x768.jpeg 1024w, https:\/\/www.artefita.pt\/wp-content\/uploads\/2026\/04\/WhatsApp-Image-2026-04-27-at-11.01.21-300x225.jpeg 300w, https:\/\/www.artefita.pt\/wp-content\/uploads\/2026\/04\/WhatsApp-Image-2026-04-27-at-11.01.21-768x576.jpeg 768w, https:\/\/www.artefita.pt\/wp-content\/uploads\/2026\/04\/WhatsApp-Image-2026-04-27-at-11.01.21-1536x1152.jpeg 1536w, https:\/\/www.artefita.pt\/wp-content\/uploads\/2026\/04\/WhatsApp-Image-2026-04-27-at-11.01.21.jpeg 2048w\" sizes=\"(max-width: 1024px) 100vw, 1024px\" \/><\/figure><\/div>\n\n\n<p>Die Teilnahme an der <strong>Techtextil<\/strong> wird erneut als ein entscheidender Moment gesehen, um die Unternehmensstrategie zu st\u00e4rken und die Pr\u00e4senz auf dem globalen Markt f\u00fcr technische Textilien weiter auszubauen.<\/p>\n","protected":false},"excerpt":{"rendered":"<p>ARTEFITA st\u00e4rkt internationale Pr\u00e4senz auf der Techtextil und pr\u00e4sentiert neues kompostierbares Gurtband in Entwicklung ARTEFITA nahm erneut an der Techtextil in Frankfurt teil und festigt damit ihre kontinuierliche Pr\u00e4senz seit 2005 auf einer der wichtigsten internationalen Plattformen der technischen Textilindustrie&#8230;.<\/p>\n","protected":false},"author":1,"featured_media":7563,"comment_status":"open","ping_status":"open","sticky":true,"template":"","format":"standard","meta":{"_kad_post_transparent":"","_kad_post_title":"","_kad_post_layout":"","_kad_post_sidebar_id":"","_kad_post_content_style":"","_kad_post_vertical_padding":"","_kad_post_feature":"","_kad_post_feature_position":"","_kad_post_header":false,"_kad_post_footer":false,"slim_seo":[],"footnotes":""},"categories":[1],"tags":[285,135,284,125,286,283,124,21],"aioseo_notices":[],"_links":{"self":[{"href":"https:\/\/www.artefita.pt\/de\/wp-json\/wp\/v2\/posts\/7561"}],"collection":[{"href":"https:\/\/www.artefita.pt\/de\/wp-json\/wp\/v2\/posts"}],"about":[{"href":"https:\/\/www.artefita.pt\/de\/wp-json\/wp\/v2\/types\/post"}],"author":[{"embeddable":true,"href":"https:\/\/www.artefita.pt\/de\/wp-json\/wp\/v2\/users\/1"}],"replies":[{"embeddable":true,"href":"https:\/\/www.artefita.pt\/de\/wp-json\/wp\/v2\/comments?post=7561"}],"version-history":[{"count":10,"href":"https:\/\/www.artefita.pt\/de\/wp-json\/wp\/v2\/posts\/7561\/revisions"}],"predecessor-version":[{"id":7577,"href":"https:\/\/www.artefita.pt\/de\/wp-json\/wp\/v2\/posts\/7561\/revisions\/7577"}],"wp:featuredmedia":[{"embeddable":true,"href":"https:\/\/www.artefita.pt\/de\/wp-json\/wp\/v2\/media\/7563"}],"wp:attachment":[{"href":"https:\/\/www.artefita.pt\/de\/wp-json\/wp\/v2\/media?parent=7561"}],"wp:term":[{"taxonomy":"category","embeddable":true,"href":"https:\/\/www.artefita.pt\/de\/wp-json\/wp\/v2\/categories?post=7561"},{"taxonomy":"post_tag","embeddable":true,"href":"https:\/\/www.artefita.pt\/de\/wp-json\/wp\/v2\/tags?post=7561"}],"curies":[{"name":"wp","href":"https:\/\/api.w.org\/{rel}","templated":true}]}}